

{"id":342413,"date":"2023-02-28T16:20:01","date_gmt":"2023-02-28T16:20:01","guid":{"rendered":"https:\/\/www.timmpi.com\/?p=342413"},"modified":"2023-03-09T16:10:34","modified_gmt":"2023-03-09T16:10:34","slug":"vibrating-vests-deaf-hard-of-hearing","status":"publish","type":"post","link":"https:\/\/immersive-culture.com\/es\/vibrating-vests-deaf-hard-of-hearing\/","title":{"rendered":"How Th\u00e9\u00e2tre de N\u00eemes uses vibrating vests to improve the musical experience for deaf and hard of hearing individuals."},"content":{"rendered":"<p><strong><img loading=\"lazy\" decoding=\"async\" class=\"alignnone size-medium wp-image-342383\" src=\"https:\/\/www.timmpi.com\/wp-content\/uploads\/\/SUBPACS-ACCUEIL-HALL-300x242.jpg\" alt=\"\" width=\"300\" height=\"242\" \/><\/strong><\/p>\n<p><strong>The culture should be accessible to everyone, without exception. This is the motto of the Th\u00e9\u00e2tre de N\u00eemes, a contemporary dance and art creation stage, which has been working for nearly 20 years to promote accessibility for people with sensory, mental, or psychological disabilities to the shows it programs. Among the specific initiatives implemented, the use of vibrating vests to allow hearing-impaired individuals to feel the music is a real success. Discover how through the interview with Ad\u00e8le Brouard, How Th\u00e9\u00e2tre de N\u00eemes uses vibrating vests to improve the musical experience of deaf and hard-of-hearing people.<\/strong><\/p>\n<p><strong>Hello Ad\u00e8le, can you introduce yourself and your role at Th\u00e9\u00e2tre de N\u00eemes?<\/strong><\/p>\n<p>Hello, I am in charge of audience relations at the Th\u00e9\u00e2tre de N\u00eemes, a contemporary dance and art creation stage. I am also an audio describer.<\/p>\n<p><strong>Th\u00e9\u00e2tre de N\u00eemes is often cited as an example of accessible programming. Can you describe the specific initiatives that have been implemented?<\/strong><\/p>\n<p>For almost 20 years, Th\u00e9\u00e2tre de N\u00eemes has been developing technical devices that promote accessibility for people with sensory, mental, or psychological disabilities to the shows we program. We offer audio descriptions of plays, dance performances, and adaptations in French Sign Language. We also offer tactile visits of the sets, artistic practice workshops, meetings with the artists, and specific accommodations for \u00abnaturally accessible\u00bb shows. Between 2013 and 2022, seven employees (audience relations and box office staff) have completed French Sign Language training. These actions are part of a global policy of welcoming audiences, with a strong desire to make culture accessible to everyone. We work closely with the associative fabric and health and care structures in the region throughout the season.<\/p>\n<p><strong>Can you explain how TiMMPi&#8217;s vibrating vests are used to improve the inclusion of deaf and hard-of-hearing people?<\/strong><\/p>\n<p>In 2018 and 2022, thanks to the DRAC Occitanie accessibility fund, Th\u00e9\u00e2tre de N\u00eemes was able to equip itself with 12 and then 6 vibrating vests. The deaf public is very receptive to this innovative new equipment, which promotes discovery, contributes to the appropriation of sometimes very distant artistic content, and allows for better accessibility, particularly in visual shows with a strong musical intention. Choreographic proposals, a major axis of Th\u00e9\u00e2tre de N\u00eemes&#8217; programming, lend themselves particularly well to the use of vests.<\/p>\n<p><strong>How does Th\u00e9\u00e2tre de N\u00eemes select shows to ensure that vibrating vests are used optimally?<\/strong><\/p>\n<p>There are many elements to take into account, and to ensure the relevance of the proposal, I always watch the shows in advance in their entirety. The first thing is, of course, to ensure that the sounds of the show are amplified or that the sound is \u00abre-recorded\u00bb. In a classical music concert without a sound console or recording, the vests will not work. Then, and these are the many exchanges I have regularly with the deaf community that guide me, I favor shows that are very visually strong. Regardless of the discipline: dance, music, theater, concert, whether they are very contemporary productions or more mainstream, the images must \u00abtell\u00bb something. Furthermore, it is obviously essential to plan an adaptation in French Sign Language if there is text. The vests are an added value in terms of sensations but do not translate language.<\/p>\n<p><strong>Can you give us examples of how vibrating vests have improved the musical experience for deaf and hard-of-hearing people?<\/strong><\/p>\n<p>We have not encountered any real difficulties except for some technical glitches that can cause some issues during a performance. The setup and use of the vests are very simple. However, in my opinion, it is essential to have initiated an accessibility approach before equipping oneself. And that this approach is global. We need to think about reception. How do we equip deaf signers if no one is able to welcome them? It is also essential that all teams (including artistic ones), the structure, the festival, the event, are sensitized. The vibrating vests remain a tool, the interest of which makes sense only if we take into account the specificities, desires, and constraints of deaf and hard-of-hearing people. And the best way to do this is to know them, involve them, and rely on local structures, training or healthcare facilities.<\/p>\n<p><a href=\"https:\/\/www.timmpi.com\/vibrating-vests-deaf-hard-of-hearing\/\">Find the article on our blog.<\/a><\/p>\n<p><a href=\"https:\/\/theatredenimes.com\/programme\/\">Discover the program of the N\u00eemes Theater.<\/a><\/p>\n","protected":false},"excerpt":{"rendered":"<p>The culture should be accessible to everyone, without exception. This is the motto of the&#8230;<\/p>\n","protected":false},"author":1,"featured_media":0,"comment_status":"open","ping_status":"open","sticky":false,"template":"","format":"standard","meta":{"inline_featured_image":false,"footnotes":""},"categories":[423,119,434,19,18,292],"tags":[],"class_list":{"0":"post-342413","1":"post","2":"type-post","3":"status-publish","4":"format-standard","6":"category-distant-public","7":"category-feel-the-music","8":"category-immersive-live-uk","9":"category-interviews","10":"category-highlights","11":"category-deaf"},"yoast_head":"<!-- This site is optimized with the Yoast SEO Premium plugin v23.1 (Yoast SEO v24.7) - https:\/\/yoast.com\/wordpress\/plugins\/seo\/ -->\n<title>How Th\u00e9\u00e2tre de N\u00eemes uses vibrating vests to improve the musical experience for deaf and hard of hearing individuals. &#8211; TiMMPi<\/title>\n<meta name=\"description\" content=\"The Th\u00e9\u00e2tre de N\u00eemes uses vibrating vests to provide an inclusive music experience for deaf and hard of hearing individuals.\" \/>\n<meta name=\"robots\" content=\"index, follow, max-snippet:-1, max-image-preview:large, max-video-preview:-1\" \/>\n<link rel=\"canonical\" href=\"https:\/\/immersive-culture.com\/es\/vibrating-vests-deaf-hard-of-hearing\/\" \/>\n<meta property=\"og:locale\" content=\"es_ES\" \/>\n<meta property=\"og:type\" content=\"article\" \/>\n<meta property=\"og:title\" content=\"How Th\u00e9\u00e2tre de N\u00eemes uses vibrating vests to improve the musical experience for deaf and hard of hearing individuals.\" \/>\n<meta property=\"og:description\" content=\"The Th\u00e9\u00e2tre de N\u00eemes uses vibrating vests to provide an inclusive music experience for deaf and hard of hearing individuals.\" \/>\n<meta property=\"og:url\" content=\"https:\/\/immersive-culture.com\/es\/vibrating-vests-deaf-hard-of-hearing\/\" \/>\n<meta property=\"og:site_name\" content=\"TiMMPi\" \/>\n<meta property=\"article:publisher\" content=\"http:\/\/www.facebook.com\/timmpiofficial\" \/>\n<meta property=\"article:published_time\" content=\"2023-02-28T16:20:01+00:00\" \/>\n<meta property=\"article:modified_time\" content=\"2023-03-09T16:10:34+00:00\" \/>\n<meta property=\"og:image\" content=\"https:\/\/www.timmpi.com\/wp-content\/uploads\/\/SUBPACS-ACCUEIL-HALL-300x242.jpg\" \/>\n<meta name=\"author\" content=\"Anna Svenska\" \/>\n<meta name=\"twitter:card\" content=\"summary_large_image\" \/>\n<meta name=\"twitter:creator\" content=\"@timmpi\" \/>\n<meta name=\"twitter:site\" content=\"@timmpi\" \/>\n<meta name=\"twitter:label1\" content=\"Escrito por\" \/>\n\t<meta name=\"twitter:data1\" content=\"Anna Svenska\" \/>\n\t<meta name=\"twitter:label2\" content=\"Tiempo de lectura\" \/>\n\t<meta name=\"twitter:data2\" content=\"4 minutos\" \/>\n<script type=\"application\/ld+json\" class=\"yoast-schema-graph\">{\"@context\":\"https:\/\/schema.org\",\"@graph\":[{\"@type\":\"Article\",\"@id\":\"https:\/\/immersive-culture.com\/es\/vibrating-vests-deaf-hard-of-hearing\/#article\",\"isPartOf\":{\"@id\":\"https:\/\/immersive-culture.com\/es\/vibrating-vests-deaf-hard-of-hearing\/\"},\"author\":{\"name\":\"Anna Svenska\",\"@id\":\"https:\/\/www.timmpi.com\/es\/#\/schema\/person\/37b1600499cdd582edea63ec5e02ebb5\"},\"headline\":\"How Th\u00e9\u00e2tre de N\u00eemes uses vibrating vests to improve the musical experience for deaf and hard of hearing individuals.\",\"datePublished\":\"2023-02-28T16:20:01+00:00\",\"dateModified\":\"2023-03-09T16:10:34+00:00\",\"mainEntityOfPage\":{\"@id\":\"https:\/\/immersive-culture.com\/es\/vibrating-vests-deaf-hard-of-hearing\/\"},\"wordCount\":743,\"commentCount\":0,\"publisher\":{\"@id\":\"https:\/\/www.timmpi.com\/es\/#organization\"},\"image\":{\"@id\":\"https:\/\/immersive-culture.com\/es\/vibrating-vests-deaf-hard-of-hearing\/#primaryimage\"},\"thumbnailUrl\":\"https:\/\/www.timmpi.com\/wp-content\/uploads\/\/SUBPACS-ACCUEIL-HALL-300x242.jpg\",\"articleSection\":[\"distant public\",\"feel the music\",\"immersive live\",\"interviews\",\"nouveaut\u00e9s\",\"sourds\"],\"inLanguage\":\"es\",\"potentialAction\":[{\"@type\":\"CommentAction\",\"name\":\"Comment\",\"target\":[\"https:\/\/immersive-culture.com\/es\/vibrating-vests-deaf-hard-of-hearing\/#respond\"]}]},{\"@type\":\"WebPage\",\"@id\":\"https:\/\/immersive-culture.com\/es\/vibrating-vests-deaf-hard-of-hearing\/\",\"url\":\"https:\/\/immersive-culture.com\/es\/vibrating-vests-deaf-hard-of-hearing\/\",\"name\":\"How Th\u00e9\u00e2tre de N\u00eemes uses vibrating vests to improve the musical experience for deaf and hard of hearing individuals. &#8211; TiMMPi\",\"isPartOf\":{\"@id\":\"https:\/\/www.timmpi.com\/es\/#website\"},\"primaryImageOfPage\":{\"@id\":\"https:\/\/immersive-culture.com\/es\/vibrating-vests-deaf-hard-of-hearing\/#primaryimage\"},\"image\":{\"@id\":\"https:\/\/immersive-culture.com\/es\/vibrating-vests-deaf-hard-of-hearing\/#primaryimage\"},\"thumbnailUrl\":\"https:\/\/www.timmpi.com\/wp-content\/uploads\/\/SUBPACS-ACCUEIL-HALL-300x242.jpg\",\"datePublished\":\"2023-02-28T16:20:01+00:00\",\"dateModified\":\"2023-03-09T16:10:34+00:00\",\"description\":\"The Th\u00e9\u00e2tre de N\u00eemes uses vibrating vests to provide an inclusive music experience for deaf and hard of hearing individuals.\",\"breadcrumb\":{\"@id\":\"https:\/\/immersive-culture.com\/es\/vibrating-vests-deaf-hard-of-hearing\/#breadcrumb\"},\"inLanguage\":\"es\",\"potentialAction\":[{\"@type\":\"ReadAction\",\"target\":[\"https:\/\/immersive-culture.com\/es\/vibrating-vests-deaf-hard-of-hearing\/\"]}]},{\"@type\":\"ImageObject\",\"inLanguage\":\"es\",\"@id\":\"https:\/\/immersive-culture.com\/es\/vibrating-vests-deaf-hard-of-hearing\/#primaryimage\",\"url\":\"https:\/\/www.timmpi.com\/wp-content\/uploads\/\/SUBPACS-ACCUEIL-HALL-300x242.jpg\",\"contentUrl\":\"https:\/\/www.timmpi.com\/wp-content\/uploads\/\/SUBPACS-ACCUEIL-HALL-300x242.jpg\"},{\"@type\":\"BreadcrumbList\",\"@id\":\"https:\/\/immersive-culture.com\/es\/vibrating-vests-deaf-hard-of-hearing\/#breadcrumb\",\"itemListElement\":[{\"@type\":\"ListItem\",\"position\":1,\"name\":\"Home\",\"item\":\"https:\/\/www.timmpi.com\/\"},{\"@type\":\"ListItem\",\"position\":2,\"name\":\"immersive live\",\"item\":\"https:\/\/immersive-culture.com\/fr\/category\/immersive-live\/\"},{\"@type\":\"ListItem\",\"position\":3,\"name\":\"How Th\u00e9\u00e2tre de N\u00eemes uses vibrating vests to improve the musical experience for deaf and hard of hearing individuals.\"}]},{\"@type\":\"WebSite\",\"@id\":\"https:\/\/www.timmpi.com\/es\/#website\",\"url\":\"https:\/\/www.timmpi.com\/es\/\",\"name\":\"TiMMPi\",\"description\":\"Make your sound experience unique\",\"publisher\":{\"@id\":\"https:\/\/www.timmpi.com\/es\/#organization\"},\"potentialAction\":[{\"@type\":\"SearchAction\",\"target\":{\"@type\":\"EntryPoint\",\"urlTemplate\":\"https:\/\/www.timmpi.com\/es\/?s={search_term_string}\"},\"query-input\":{\"@type\":\"PropertyValueSpecification\",\"valueRequired\":true,\"valueName\":\"search_term_string\"}}],\"inLanguage\":\"es\"},{\"@type\":\"Organization\",\"@id\":\"https:\/\/www.timmpi.com\/es\/#organization\",\"name\":\"Timmpi\",\"url\":\"https:\/\/www.timmpi.com\/es\/\",\"logo\":{\"@type\":\"ImageObject\",\"inLanguage\":\"es\",\"@id\":\"https:\/\/www.timmpi.com\/es\/#\/schema\/logo\/image\/\",\"url\":\"\",\"contentUrl\":\"\",\"caption\":\"Timmpi\"},\"image\":{\"@id\":\"https:\/\/www.timmpi.com\/es\/#\/schema\/logo\/image\/\"},\"sameAs\":[\"http:\/\/www.facebook.com\/timmpiofficial\",\"https:\/\/x.com\/timmpi\",\"https:\/\/www.instagram.com\/timmpi_\",\"https:\/\/www.linkedin.com\/company\/timmpi\",\"https:\/\/www.youtube.com\/user\/TimmpiOfficial\"]},{\"@type\":\"Person\",\"@id\":\"https:\/\/www.timmpi.com\/es\/#\/schema\/person\/37b1600499cdd582edea63ec5e02ebb5\",\"name\":\"Anna Svenska\",\"image\":{\"@type\":\"ImageObject\",\"inLanguage\":\"es\",\"@id\":\"https:\/\/www.timmpi.com\/es\/#\/schema\/person\/image\/\",\"url\":\"https:\/\/secure.gravatar.com\/avatar\/3fff3a5c169416657800292907909b45e092212c2b77b6c49c0eab12c9f6d232?s=96&d=identicon&r=g\",\"contentUrl\":\"https:\/\/secure.gravatar.com\/avatar\/3fff3a5c169416657800292907909b45e092212c2b77b6c49c0eab12c9f6d232?s=96&d=identicon&r=g\",\"caption\":\"Anna Svenska\"},\"url\":\"https:\/\/immersive-culture.com\/es\/author\/a-svenskatimmpi-com\/\"}]}<\/script>\n<!-- \/ Yoast SEO Premium plugin. -->","yoast_head_json":{"title":"How Th\u00e9\u00e2tre de N\u00eemes uses vibrating vests to improve the musical experience for deaf and hard of hearing individuals. &#8211; TiMMPi","description":"The Th\u00e9\u00e2tre de N\u00eemes uses vibrating vests to provide an inclusive music experience for deaf and hard of hearing individuals.","robots":{"index":"index","follow":"follow","max-snippet":"max-snippet:-1","max-image-preview":"max-image-preview:large","max-video-preview":"max-video-preview:-1"},"canonical":"https:\/\/immersive-culture.com\/es\/vibrating-vests-deaf-hard-of-hearing\/","og_locale":"es_ES","og_type":"article","og_title":"How Th\u00e9\u00e2tre de N\u00eemes uses vibrating vests to improve the musical experience for deaf and hard of hearing individuals.","og_description":"The Th\u00e9\u00e2tre de N\u00eemes uses vibrating vests to provide an inclusive music experience for deaf and hard of hearing individuals.","og_url":"https:\/\/immersive-culture.com\/es\/vibrating-vests-deaf-hard-of-hearing\/","og_site_name":"TiMMPi","article_publisher":"http:\/\/www.facebook.com\/timmpiofficial","article_published_time":"2023-02-28T16:20:01+00:00","article_modified_time":"2023-03-09T16:10:34+00:00","og_image":[{"url":"https:\/\/www.timmpi.com\/wp-content\/uploads\/\/SUBPACS-ACCUEIL-HALL-300x242.jpg","type":"","width":"","height":""}],"author":"Anna Svenska","twitter_card":"summary_large_image","twitter_creator":"@timmpi","twitter_site":"@timmpi","twitter_misc":{"Escrito por":"Anna Svenska","Tiempo de lectura":"4 minutos"},"schema":{"@context":"https:\/\/schema.org","@graph":[{"@type":"Article","@id":"https:\/\/immersive-culture.com\/es\/vibrating-vests-deaf-hard-of-hearing\/#article","isPartOf":{"@id":"https:\/\/immersive-culture.com\/es\/vibrating-vests-deaf-hard-of-hearing\/"},"author":{"name":"Anna Svenska","@id":"https:\/\/www.timmpi.com\/es\/#\/schema\/person\/37b1600499cdd582edea63ec5e02ebb5"},"headline":"How Th\u00e9\u00e2tre de N\u00eemes uses vibrating vests to improve the musical experience for deaf and hard of hearing individuals.","datePublished":"2023-02-28T16:20:01+00:00","dateModified":"2023-03-09T16:10:34+00:00","mainEntityOfPage":{"@id":"https:\/\/immersive-culture.com\/es\/vibrating-vests-deaf-hard-of-hearing\/"},"wordCount":743,"commentCount":0,"publisher":{"@id":"https:\/\/www.timmpi.com\/es\/#organization"},"image":{"@id":"https:\/\/immersive-culture.com\/es\/vibrating-vests-deaf-hard-of-hearing\/#primaryimage"},"thumbnailUrl":"https:\/\/www.timmpi.com\/wp-content\/uploads\/\/SUBPACS-ACCUEIL-HALL-300x242.jpg","articleSection":["distant public","feel the music","immersive live","interviews","nouveaut\u00e9s","sourds"],"inLanguage":"es","potentialAction":[{"@type":"CommentAction","name":"Comment","target":["https:\/\/immersive-culture.com\/es\/vibrating-vests-deaf-hard-of-hearing\/#respond"]}]},{"@type":"WebPage","@id":"https:\/\/immersive-culture.com\/es\/vibrating-vests-deaf-hard-of-hearing\/","url":"https:\/\/immersive-culture.com\/es\/vibrating-vests-deaf-hard-of-hearing\/","name":"How Th\u00e9\u00e2tre de N\u00eemes uses vibrating vests to improve the musical experience for deaf and hard of hearing individuals. &#8211; TiMMPi","isPartOf":{"@id":"https:\/\/www.timmpi.com\/es\/#website"},"primaryImageOfPage":{"@id":"https:\/\/immersive-culture.com\/es\/vibrating-vests-deaf-hard-of-hearing\/#primaryimage"},"image":{"@id":"https:\/\/immersive-culture.com\/es\/vibrating-vests-deaf-hard-of-hearing\/#primaryimage"},"thumbnailUrl":"https:\/\/www.timmpi.com\/wp-content\/uploads\/\/SUBPACS-ACCUEIL-HALL-300x242.jpg","datePublished":"2023-02-28T16:20:01+00:00","dateModified":"2023-03-09T16:10:34+00:00","description":"The Th\u00e9\u00e2tre de N\u00eemes uses vibrating vests to provide an inclusive music experience for deaf and hard of hearing individuals.","breadcrumb":{"@id":"https:\/\/immersive-culture.com\/es\/vibrating-vests-deaf-hard-of-hearing\/#breadcrumb"},"inLanguage":"es","potentialAction":[{"@type":"ReadAction","target":["https:\/\/immersive-culture.com\/es\/vibrating-vests-deaf-hard-of-hearing\/"]}]},{"@type":"ImageObject","inLanguage":"es","@id":"https:\/\/immersive-culture.com\/es\/vibrating-vests-deaf-hard-of-hearing\/#primaryimage","url":"https:\/\/www.timmpi.com\/wp-content\/uploads\/\/SUBPACS-ACCUEIL-HALL-300x242.jpg","contentUrl":"https:\/\/www.timmpi.com\/wp-content\/uploads\/\/SUBPACS-ACCUEIL-HALL-300x242.jpg"},{"@type":"BreadcrumbList","@id":"https:\/\/immersive-culture.com\/es\/vibrating-vests-deaf-hard-of-hearing\/#breadcrumb","itemListElement":[{"@type":"ListItem","position":1,"name":"Home","item":"https:\/\/www.timmpi.com\/"},{"@type":"ListItem","position":2,"name":"immersive live","item":"https:\/\/immersive-culture.com\/fr\/category\/immersive-live\/"},{"@type":"ListItem","position":3,"name":"How Th\u00e9\u00e2tre de N\u00eemes uses vibrating vests to improve the musical experience for deaf and hard of hearing individuals."}]},{"@type":"WebSite","@id":"https:\/\/www.timmpi.com\/es\/#website","url":"https:\/\/www.timmpi.com\/es\/","name":"TiMMPi","description":"Make your sound experience unique","publisher":{"@id":"https:\/\/www.timmpi.com\/es\/#organization"},"potentialAction":[{"@type":"SearchAction","target":{"@type":"EntryPoint","urlTemplate":"https:\/\/www.timmpi.com\/es\/?s={search_term_string}"},"query-input":{"@type":"PropertyValueSpecification","valueRequired":true,"valueName":"search_term_string"}}],"inLanguage":"es"},{"@type":"Organization","@id":"https:\/\/www.timmpi.com\/es\/#organization","name":"Timmpi","url":"https:\/\/www.timmpi.com\/es\/","logo":{"@type":"ImageObject","inLanguage":"es","@id":"https:\/\/www.timmpi.com\/es\/#\/schema\/logo\/image\/","url":"","contentUrl":"","caption":"Timmpi"},"image":{"@id":"https:\/\/www.timmpi.com\/es\/#\/schema\/logo\/image\/"},"sameAs":["http:\/\/www.facebook.com\/timmpiofficial","https:\/\/x.com\/timmpi","https:\/\/www.instagram.com\/timmpi_","https:\/\/www.linkedin.com\/company\/timmpi","https:\/\/www.youtube.com\/user\/TimmpiOfficial"]},{"@type":"Person","@id":"https:\/\/www.timmpi.com\/es\/#\/schema\/person\/37b1600499cdd582edea63ec5e02ebb5","name":"Anna Svenska","image":{"@type":"ImageObject","inLanguage":"es","@id":"https:\/\/www.timmpi.com\/es\/#\/schema\/person\/image\/","url":"https:\/\/secure.gravatar.com\/avatar\/3fff3a5c169416657800292907909b45e092212c2b77b6c49c0eab12c9f6d232?s=96&d=identicon&r=g","contentUrl":"https:\/\/secure.gravatar.com\/avatar\/3fff3a5c169416657800292907909b45e092212c2b77b6c49c0eab12c9f6d232?s=96&d=identicon&r=g","caption":"Anna Svenska"},"url":"https:\/\/immersive-culture.com\/es\/author\/a-svenskatimmpi-com\/"}]}},"_links":{"self":[{"href":"https:\/\/immersive-culture.com\/es\/wp-json\/wp\/v2\/posts\/342413","targetHints":{"allow":["GET"]}}],"collection":[{"href":"https:\/\/immersive-culture.com\/es\/wp-json\/wp\/v2\/posts"}],"about":[{"href":"https:\/\/immersive-culture.com\/es\/wp-json\/wp\/v2\/types\/post"}],"author":[{"embeddable":true,"href":"https:\/\/immersive-culture.com\/es\/wp-json\/wp\/v2\/users\/1"}],"replies":[{"embeddable":true,"href":"https:\/\/immersive-culture.com\/es\/wp-json\/wp\/v2\/comments?post=342413"}],"version-history":[{"count":4,"href":"https:\/\/immersive-culture.com\/es\/wp-json\/wp\/v2\/posts\/342413\/revisions"}],"predecessor-version":[{"id":342534,"href":"https:\/\/immersive-culture.com\/es\/wp-json\/wp\/v2\/posts\/342413\/revisions\/342534"}],"wp:attachment":[{"href":"https:\/\/immersive-culture.com\/es\/wp-json\/wp\/v2\/media?parent=342413"}],"wp:term":[{"taxonomy":"category","embeddable":true,"href":"https:\/\/immersive-culture.com\/es\/wp-json\/wp\/v2\/categories?post=342413"},{"taxonomy":"post_tag","embeddable":true,"href":"https:\/\/immersive-culture.com\/es\/wp-json\/wp\/v2\/tags?post=342413"}],"curies":[{"name":"wp","href":"https:\/\/api.w.org\/{rel}","templated":true}]}}