

{"id":342436,"date":"2023-03-03T16:14:16","date_gmt":"2023-03-03T16:14:16","guid":{"rendered":"https:\/\/www.timmpi.com\/?p=342436"},"modified":"2023-03-03T16:15:38","modified_gmt":"2023-03-03T16:15:38","slug":"tesseractive-un-cube-sensoriel-pour-interagir-et-controler-son-environnement","status":"publish","type":"post","link":"https:\/\/immersive-culture.com\/es\/tesseractive-un-cube-sensoriel-pour-interagir-et-controler-son-environnement\/","title":{"rendered":"Tesseractive : un cube sensoriel pour interagir et contr\u00f4ler son environnement"},"content":{"rendered":"<p><strong>Des rencontres naissent les plus beaux projets. Invit\u00e9 en 2017 pour produire un atelier d\u2019expression artistique avec les r\u00e9sidents de la maison d\u2019accueil sp\u00e9cialis\u00e9e \u00ab la Chataigneraie \u00bb, du centre hospitalier de Novillars. Le collectif Ex Lumina s\u2019est rendu compte du potentiel \u00e0 d\u00e9velopper avec les r\u00e9sidents autistes et\/ou polyhandicap\u00e9s. De cette premi\u00e8re rencontre et des expertises du collectif, l\u2019id\u00e9e d\u2019un cube interactif et sensoriel est n\u00e9 : le Tesseractive.<\/strong><\/p>\n<p>Bas\u00e9 \u00e0 Besan\u00e7on, ce collectif artistique travaille sur la r\u00e9alisation d\u2019oeuvres, d\u2019installations et de performances live, qui interrogent notre monde, notre environnement et nos perceptions. Sous la forme d\u2019un cube, Tesseractive est un outil se voulant universel permettant de dessiner les profils sensoriels des utilisateurs. En effet, celui-ci permet de donner aux personnes emp\u00each\u00e9es, le contr\u00f4le de leur environnement par le biais de la lumi\u00e8re, de la vid\u00e9o projection et du son.<\/p>\n<p><strong>Comment fonctionne Tesseractive le cube sensoriel ?<\/strong><\/p>\n<p>Le cube interactif est muni de capteurs qui r\u00e9agissent au toucher, \u00e0 la friction, \u00e0 la voix et aux mouvements de l\u2019utilisateur. Tout est sollicit\u00e9, des mouvements de l\u2019objet, \u00e0 ceux du corps. Ce dispositif se veut enti\u00e8rement intuitif, modulable et d\u2019une haute performance sensorielle. Gr\u00e2ce \u00e0 Tesseractive, les professionnels de sant\u00e9 disposent d\u2019un outil permettant une meilleure compr\u00e9hension et prise en charge de leurs patients. En effet, lors des tests avec les r\u00e9sidents de<br \/>\n\u00ab la Chataigneraie \u00bb, plusieurs b\u00e9n\u00e9fices sont apparus :<\/p>\n<ul>\n<li>Evaluer les facult\u00e9s et pr\u00e9f\u00e9rences sensorielles<\/li>\n<li>Etablir de nouvelles passerelles de communication<\/li>\n<li>Impulser le mouvement et la prise d\u2019initiatives avec des exercices de motricit\u00e9<\/li>\n<li>Offrir des outils de cr\u00e9ation adapt\u00e9s et accessibles<\/li>\n<li>Proposer des activit\u00e9s relaxantes, interactives et immersives.<\/li>\n<\/ul>\n<p>&nbsp;<\/p>\n<p>Suite \u00e0 l\u2019utilisation du cube, un r\u00e9el bonheur se dessine sur le visage des r\u00e9sidents comme le constate Karine Guichard, \u00e9ducatrice sportive de la maison d\u2019accueil sp\u00e9cialis\u00e9e de Novillars :<br \/>\n\u00ab On a vu les r\u00e9sidents d\u00e9fil\u00e9s, rentrer, sortir, revenir, \u00eatre content de venir et nous raconter ce qu\u2019ils ont fait \u00bb. C\u2019est au regard des usagers et de leurs retours positifs que l\u2019on comprend la r\u00e9ussite du projet Tessaractive.<\/p>\n<p>Grand bravo au collectif !<\/p>\n<p>Comme Ex Lumina, nous sommes convaincus que les nouvelles technologies sont un moyen pour que les publics emp\u00each\u00e9s puissent mieux interagir avec leur environnement.<\/p>\n<p>.<\/p>\n<p>.<\/p>\n<p>.<\/p>\n<p>Pour voir une vid\u00e9o du Tesseractive le cube sensoriel, suivez ce lien : <a href=\"https:\/\/youtu.be\/ZSe1PBXEf-E\">https:\/\/youtu.be\/ZSe1PBXEf-E<\/a> et le site de Ex Lumina pour d\u00e9couvrir tous leurs projets : <a href=\"https:\/\/exlumina.fr\/\">https:\/\/exlumina.fr\/<\/a><\/p>\n<p>Cr\u00e9dit photo : Tom Langlin<\/p>\n<p>Un autre article du blog par ici : <a href=\"https:\/\/www.timmpi.com\/fr\/panthea-du-surtitrage-sur-lunettes-en-realite-augmentee-pour-plus-daccessibilite-dans-le-spectacle-vivant\/\">https:\/\/www.timmpi.com\/fr\/panthea-du-surtitrage-sur-lunettes-en-realite-augmentee-pour-plus-daccessibilite-dans-le-spectacle-vivant\/<\/a><\/p>\n","protected":false},"excerpt":{"rendered":"<p>Des rencontres naissent les plus beaux projets. Invit\u00e9 en 2017 pour produire un atelier d\u2019expression&#8230;<\/p>\n","protected":false},"author":1,"featured_media":0,"comment_status":"open","ping_status":"open","sticky":false,"template":"","format":"standard","meta":{"inline_featured_image":false,"footnotes":""},"categories":[427],"tags":[],"class_list":{"0":"post-342436","1":"post","2":"type-post","3":"status-publish","4":"format-standard","6":"category-public-alejado"},"yoast_head":"<!-- This site is optimized with the Yoast SEO Premium plugin v23.1 (Yoast SEO v24.7) - https:\/\/yoast.com\/wordpress\/plugins\/seo\/ -->\n<title>Tesseractive : un cube sensoriel pour interagir et contr\u00f4ler son environnement &#8211; TiMMPi<\/title>\n<meta name=\"robots\" content=\"noindex, nofollow\" \/>\n<meta property=\"og:locale\" content=\"es_ES\" \/>\n<meta property=\"og:type\" content=\"article\" \/>\n<meta property=\"og:title\" content=\"Tesseractive : un cube sensoriel pour interagir et contr\u00f4ler son environnement\" \/>\n<meta property=\"og:description\" content=\"Des rencontres naissent les plus beaux projets. Invit\u00e9 en 2017 pour produire un atelier d\u2019expression...\" \/>\n<meta property=\"og:url\" content=\"https:\/\/immersive-culture.com\/es\/tesseractive-un-cube-sensoriel-pour-interagir-et-controler-son-environnement\/\" \/>\n<meta property=\"og:site_name\" content=\"TiMMPi\" \/>\n<meta property=\"article:publisher\" content=\"http:\/\/www.facebook.com\/timmpiofficial\" \/>\n<meta property=\"article:published_time\" content=\"2023-03-03T16:14:16+00:00\" \/>\n<meta property=\"article:modified_time\" content=\"2023-03-03T16:15:38+00:00\" \/>\n<meta name=\"author\" content=\"Anna Svenska\" \/>\n<meta name=\"twitter:card\" content=\"summary_large_image\" \/>\n<meta name=\"twitter:creator\" content=\"@timmpi\" \/>\n<meta name=\"twitter:site\" content=\"@timmpi\" \/>\n<meta name=\"twitter:label1\" content=\"Escrito por\" \/>\n\t<meta name=\"twitter:data1\" content=\"Anna Svenska\" \/>\n\t<meta name=\"twitter:label2\" content=\"Tiempo de lectura\" \/>\n\t<meta name=\"twitter:data2\" content=\"2 minutos\" \/>\n<script type=\"application\/ld+json\" class=\"yoast-schema-graph\">{\"@context\":\"https:\/\/schema.org\",\"@graph\":[{\"@type\":\"Article\",\"@id\":\"https:\/\/immersive-culture.com\/es\/tesseractive-un-cube-sensoriel-pour-interagir-et-controler-son-environnement\/#article\",\"isPartOf\":{\"@id\":\"https:\/\/immersive-culture.com\/es\/tesseractive-un-cube-sensoriel-pour-interagir-et-controler-son-environnement\/\"},\"author\":{\"name\":\"Anna Svenska\",\"@id\":\"https:\/\/www.timmpi.com\/es\/#\/schema\/person\/37b1600499cdd582edea63ec5e02ebb5\"},\"headline\":\"Tesseractive : un cube sensoriel pour interagir et contr\u00f4ler son environnement\",\"datePublished\":\"2023-03-03T16:14:16+00:00\",\"dateModified\":\"2023-03-03T16:15:38+00:00\",\"mainEntityOfPage\":{\"@id\":\"https:\/\/immersive-culture.com\/es\/tesseractive-un-cube-sensoriel-pour-interagir-et-controler-son-environnement\/\"},\"wordCount\":472,\"commentCount\":0,\"publisher\":{\"@id\":\"https:\/\/www.timmpi.com\/es\/#organization\"},\"articleSection\":[\"public alejado\"],\"inLanguage\":\"es\",\"potentialAction\":[{\"@type\":\"CommentAction\",\"name\":\"Comment\",\"target\":[\"https:\/\/immersive-culture.com\/es\/tesseractive-un-cube-sensoriel-pour-interagir-et-controler-son-environnement\/#respond\"]}]},{\"@type\":\"WebPage\",\"@id\":\"https:\/\/immersive-culture.com\/es\/tesseractive-un-cube-sensoriel-pour-interagir-et-controler-son-environnement\/\",\"url\":\"https:\/\/immersive-culture.com\/es\/tesseractive-un-cube-sensoriel-pour-interagir-et-controler-son-environnement\/\",\"name\":\"Tesseractive : un cube sensoriel pour interagir et contr\u00f4ler son environnement &#8211; TiMMPi\",\"isPartOf\":{\"@id\":\"https:\/\/www.timmpi.com\/es\/#website\"},\"datePublished\":\"2023-03-03T16:14:16+00:00\",\"dateModified\":\"2023-03-03T16:15:38+00:00\",\"breadcrumb\":{\"@id\":\"https:\/\/immersive-culture.com\/es\/tesseractive-un-cube-sensoriel-pour-interagir-et-controler-son-environnement\/#breadcrumb\"},\"inLanguage\":\"es\",\"potentialAction\":[{\"@type\":\"ReadAction\",\"target\":[\"https:\/\/immersive-culture.com\/es\/tesseractive-un-cube-sensoriel-pour-interagir-et-controler-son-environnement\/\"]}]},{\"@type\":\"BreadcrumbList\",\"@id\":\"https:\/\/immersive-culture.com\/es\/tesseractive-un-cube-sensoriel-pour-interagir-et-controler-son-environnement\/#breadcrumb\",\"itemListElement\":[{\"@type\":\"ListItem\",\"position\":1,\"name\":\"Home\",\"item\":\"https:\/\/www.timmpi.com\/\"},{\"@type\":\"ListItem\",\"position\":2,\"name\":\"public alejado\",\"item\":\"https:\/\/immersive-culture.com\/es\/category\/public-alejado\/\"},{\"@type\":\"ListItem\",\"position\":3,\"name\":\"Tesseractive : un cube sensoriel pour interagir et contr\u00f4ler son environnement\"}]},{\"@type\":\"WebSite\",\"@id\":\"https:\/\/www.timmpi.com\/es\/#website\",\"url\":\"https:\/\/www.timmpi.com\/es\/\",\"name\":\"TiMMPi\",\"description\":\"Make your sound experience unique\",\"publisher\":{\"@id\":\"https:\/\/www.timmpi.com\/es\/#organization\"},\"potentialAction\":[{\"@type\":\"SearchAction\",\"target\":{\"@type\":\"EntryPoint\",\"urlTemplate\":\"https:\/\/www.timmpi.com\/es\/?s={search_term_string}\"},\"query-input\":{\"@type\":\"PropertyValueSpecification\",\"valueRequired\":true,\"valueName\":\"search_term_string\"}}],\"inLanguage\":\"es\"},{\"@type\":\"Organization\",\"@id\":\"https:\/\/www.timmpi.com\/es\/#organization\",\"name\":\"Timmpi\",\"url\":\"https:\/\/www.timmpi.com\/es\/\",\"logo\":{\"@type\":\"ImageObject\",\"inLanguage\":\"es\",\"@id\":\"https:\/\/www.timmpi.com\/es\/#\/schema\/logo\/image\/\",\"url\":\"\",\"contentUrl\":\"\",\"caption\":\"Timmpi\"},\"image\":{\"@id\":\"https:\/\/www.timmpi.com\/es\/#\/schema\/logo\/image\/\"},\"sameAs\":[\"http:\/\/www.facebook.com\/timmpiofficial\",\"https:\/\/x.com\/timmpi\",\"https:\/\/www.instagram.com\/timmpi_\",\"https:\/\/www.linkedin.com\/company\/timmpi\",\"https:\/\/www.youtube.com\/user\/TimmpiOfficial\"]},{\"@type\":\"Person\",\"@id\":\"https:\/\/www.timmpi.com\/es\/#\/schema\/person\/37b1600499cdd582edea63ec5e02ebb5\",\"name\":\"Anna Svenska\",\"image\":{\"@type\":\"ImageObject\",\"inLanguage\":\"es\",\"@id\":\"https:\/\/www.timmpi.com\/es\/#\/schema\/person\/image\/\",\"url\":\"https:\/\/secure.gravatar.com\/avatar\/3fff3a5c169416657800292907909b45e092212c2b77b6c49c0eab12c9f6d232?s=96&d=identicon&r=g\",\"contentUrl\":\"https:\/\/secure.gravatar.com\/avatar\/3fff3a5c169416657800292907909b45e092212c2b77b6c49c0eab12c9f6d232?s=96&d=identicon&r=g\",\"caption\":\"Anna Svenska\"},\"url\":\"https:\/\/immersive-culture.com\/es\/author\/a-svenskatimmpi-com\/\"}]}<\/script>\n<!-- \/ Yoast SEO Premium plugin. -->","yoast_head_json":{"title":"Tesseractive : un cube sensoriel pour interagir et contr\u00f4ler son environnement &#8211; TiMMPi","robots":{"index":"noindex","follow":"nofollow"},"og_locale":"es_ES","og_type":"article","og_title":"Tesseractive : un cube sensoriel pour interagir et contr\u00f4ler son environnement","og_description":"Des rencontres naissent les plus beaux projets. Invit\u00e9 en 2017 pour produire un atelier d\u2019expression...","og_url":"https:\/\/immersive-culture.com\/es\/tesseractive-un-cube-sensoriel-pour-interagir-et-controler-son-environnement\/","og_site_name":"TiMMPi","article_publisher":"http:\/\/www.facebook.com\/timmpiofficial","article_published_time":"2023-03-03T16:14:16+00:00","article_modified_time":"2023-03-03T16:15:38+00:00","author":"Anna Svenska","twitter_card":"summary_large_image","twitter_creator":"@timmpi","twitter_site":"@timmpi","twitter_misc":{"Escrito por":"Anna Svenska","Tiempo de lectura":"2 minutos"},"schema":{"@context":"https:\/\/schema.org","@graph":[{"@type":"Article","@id":"https:\/\/immersive-culture.com\/es\/tesseractive-un-cube-sensoriel-pour-interagir-et-controler-son-environnement\/#article","isPartOf":{"@id":"https:\/\/immersive-culture.com\/es\/tesseractive-un-cube-sensoriel-pour-interagir-et-controler-son-environnement\/"},"author":{"name":"Anna Svenska","@id":"https:\/\/www.timmpi.com\/es\/#\/schema\/person\/37b1600499cdd582edea63ec5e02ebb5"},"headline":"Tesseractive : un cube sensoriel pour interagir et contr\u00f4ler son environnement","datePublished":"2023-03-03T16:14:16+00:00","dateModified":"2023-03-03T16:15:38+00:00","mainEntityOfPage":{"@id":"https:\/\/immersive-culture.com\/es\/tesseractive-un-cube-sensoriel-pour-interagir-et-controler-son-environnement\/"},"wordCount":472,"commentCount":0,"publisher":{"@id":"https:\/\/www.timmpi.com\/es\/#organization"},"articleSection":["public alejado"],"inLanguage":"es","potentialAction":[{"@type":"CommentAction","name":"Comment","target":["https:\/\/immersive-culture.com\/es\/tesseractive-un-cube-sensoriel-pour-interagir-et-controler-son-environnement\/#respond"]}]},{"@type":"WebPage","@id":"https:\/\/immersive-culture.com\/es\/tesseractive-un-cube-sensoriel-pour-interagir-et-controler-son-environnement\/","url":"https:\/\/immersive-culture.com\/es\/tesseractive-un-cube-sensoriel-pour-interagir-et-controler-son-environnement\/","name":"Tesseractive : un cube sensoriel pour interagir et contr\u00f4ler son environnement &#8211; TiMMPi","isPartOf":{"@id":"https:\/\/www.timmpi.com\/es\/#website"},"datePublished":"2023-03-03T16:14:16+00:00","dateModified":"2023-03-03T16:15:38+00:00","breadcrumb":{"@id":"https:\/\/immersive-culture.com\/es\/tesseractive-un-cube-sensoriel-pour-interagir-et-controler-son-environnement\/#breadcrumb"},"inLanguage":"es","potentialAction":[{"@type":"ReadAction","target":["https:\/\/immersive-culture.com\/es\/tesseractive-un-cube-sensoriel-pour-interagir-et-controler-son-environnement\/"]}]},{"@type":"BreadcrumbList","@id":"https:\/\/immersive-culture.com\/es\/tesseractive-un-cube-sensoriel-pour-interagir-et-controler-son-environnement\/#breadcrumb","itemListElement":[{"@type":"ListItem","position":1,"name":"Home","item":"https:\/\/www.timmpi.com\/"},{"@type":"ListItem","position":2,"name":"public alejado","item":"https:\/\/immersive-culture.com\/es\/category\/public-alejado\/"},{"@type":"ListItem","position":3,"name":"Tesseractive : un cube sensoriel pour interagir et contr\u00f4ler son environnement"}]},{"@type":"WebSite","@id":"https:\/\/www.timmpi.com\/es\/#website","url":"https:\/\/www.timmpi.com\/es\/","name":"TiMMPi","description":"Make your sound experience unique","publisher":{"@id":"https:\/\/www.timmpi.com\/es\/#organization"},"potentialAction":[{"@type":"SearchAction","target":{"@type":"EntryPoint","urlTemplate":"https:\/\/www.timmpi.com\/es\/?s={search_term_string}"},"query-input":{"@type":"PropertyValueSpecification","valueRequired":true,"valueName":"search_term_string"}}],"inLanguage":"es"},{"@type":"Organization","@id":"https:\/\/www.timmpi.com\/es\/#organization","name":"Timmpi","url":"https:\/\/www.timmpi.com\/es\/","logo":{"@type":"ImageObject","inLanguage":"es","@id":"https:\/\/www.timmpi.com\/es\/#\/schema\/logo\/image\/","url":"","contentUrl":"","caption":"Timmpi"},"image":{"@id":"https:\/\/www.timmpi.com\/es\/#\/schema\/logo\/image\/"},"sameAs":["http:\/\/www.facebook.com\/timmpiofficial","https:\/\/x.com\/timmpi","https:\/\/www.instagram.com\/timmpi_","https:\/\/www.linkedin.com\/company\/timmpi","https:\/\/www.youtube.com\/user\/TimmpiOfficial"]},{"@type":"Person","@id":"https:\/\/www.timmpi.com\/es\/#\/schema\/person\/37b1600499cdd582edea63ec5e02ebb5","name":"Anna Svenska","image":{"@type":"ImageObject","inLanguage":"es","@id":"https:\/\/www.timmpi.com\/es\/#\/schema\/person\/image\/","url":"https:\/\/secure.gravatar.com\/avatar\/3fff3a5c169416657800292907909b45e092212c2b77b6c49c0eab12c9f6d232?s=96&d=identicon&r=g","contentUrl":"https:\/\/secure.gravatar.com\/avatar\/3fff3a5c169416657800292907909b45e092212c2b77b6c49c0eab12c9f6d232?s=96&d=identicon&r=g","caption":"Anna Svenska"},"url":"https:\/\/immersive-culture.com\/es\/author\/a-svenskatimmpi-com\/"}]}},"_links":{"self":[{"href":"https:\/\/immersive-culture.com\/es\/wp-json\/wp\/v2\/posts\/342436","targetHints":{"allow":["GET"]}}],"collection":[{"href":"https:\/\/immersive-culture.com\/es\/wp-json\/wp\/v2\/posts"}],"about":[{"href":"https:\/\/immersive-culture.com\/es\/wp-json\/wp\/v2\/types\/post"}],"author":[{"embeddable":true,"href":"https:\/\/immersive-culture.com\/es\/wp-json\/wp\/v2\/users\/1"}],"replies":[{"embeddable":true,"href":"https:\/\/immersive-culture.com\/es\/wp-json\/wp\/v2\/comments?post=342436"}],"version-history":[{"count":1,"href":"https:\/\/immersive-culture.com\/es\/wp-json\/wp\/v2\/posts\/342436\/revisions"}],"predecessor-version":[{"id":342438,"href":"https:\/\/immersive-culture.com\/es\/wp-json\/wp\/v2\/posts\/342436\/revisions\/342438"}],"wp:attachment":[{"href":"https:\/\/immersive-culture.com\/es\/wp-json\/wp\/v2\/media?parent=342436"}],"wp:term":[{"taxonomy":"category","embeddable":true,"href":"https:\/\/immersive-culture.com\/es\/wp-json\/wp\/v2\/categories?post=342436"},{"taxonomy":"post_tag","embeddable":true,"href":"https:\/\/immersive-culture.com\/es\/wp-json\/wp\/v2\/tags?post=342436"}],"curies":[{"name":"wp","href":"https:\/\/api.w.org\/{rel}","templated":true}]}}